{"id":538,"date":"2024-01-03T09:02:49","date_gmt":"2024-01-03T09:02:49","guid":{"rendered":"https:\/\/a-renting.be\/?p=538"},"modified":"2025-10-23T08:22:43","modified_gmt":"2025-10-23T08:22:43","slug":"cel-16m%c2%b3-enkele-deur","status":"publish","type":"post","link":"https:\/\/a-renting.be\/fr\/cel-16m%c2%b3-enkele-deur\/","title":{"rendered":"Cel \u2013 16M\u00b3 \u2013 Enkele Deur"},"content":{"rendered":"","protected":false},"excerpt":{"rendered":"<p>Deze 16m\u00b3 koelcel met enkele deur is perfect voor situaties waarin ruimte optimaal benut moet worden. Met een effici\u00ebnte indeling biedt deze cel betrouwbare opslag voor bederfelijke goederen en andere gekoelde producten. De enkele deur zorgt voor een gemakkelijke toegang, waardoor je snel kunt inspelen op je behoeften in een compacte setting. Een ideale oplossing voor zowel kleine horeca-omgevingen als tijdelijke opslag.<\/p>","protected":false},"author":1,"featured_media":916,"comment_status":"open","ping_status":"open","sticky":false,"template":"","format":"standard","meta":{"_acf_changed":false,"content-type":"","footnotes":""},"categories":[5,6],"tags":[],"class_list":["post-538","post","type-post","status-publish","format-standard","has-post-thumbnail","hentry","category-koelcel","category-vriescel"],"acf":[],"yoast_head":"<!-- This site is optimized with the Yoast SEO plugin v23.6 - https:\/\/yoast.com\/wordpress\/plugins\/seo\/ -->\n<title>Koelcel 16m\u00b3 met enkele deur huren - A-renting<\/title>\n<meta name=\"description\" content=\"Huur een 11m\u00b3 koelcel met enkele deur voor effici\u00ebnte toegang en opslag. Perfect voor evenementen en tijdelijke koeling van bederfelijke goederen. Ontdek ons aanbod bij A-renting.\" \/>\n<meta name=\"robots\" content=\"index, follow, max-snippet:-1, max-image-preview:large, max-video-preview:-1\" \/>\n<link rel=\"canonical\" href=\"https:\/\/a-renting.be\/fr\/cel-16m\u00b3-enkele-deur\/\" \/>\n<meta property=\"og:locale\" content=\"fr_FR\" \/>\n<meta property=\"og:type\" content=\"article\" \/>\n<meta property=\"og:title\" content=\"Koelcel 16m\u00b3 met enkele deur huren - A-renting\" \/>\n<meta property=\"og:description\" content=\"Huur een 11m\u00b3 koelcel met enkele deur voor effici\u00ebnte toegang en opslag. Perfect voor evenementen en tijdelijke koeling van bederfelijke goederen. Ontdek ons aanbod bij A-renting.\" \/>\n<meta property=\"og:url\" content=\"https:\/\/a-renting.be\/fr\/cel-16m\u00b3-enkele-deur\/\" \/>\n<meta property=\"og:site_name\" content=\"A-renting\" \/>\n<meta property=\"article:published_time\" content=\"2024-01-03T09:02:49+00:00\" \/>\n<meta property=\"article:modified_time\" content=\"2025-10-23T08:22:43+00:00\" \/>\n<meta property=\"og:image\" content=\"https:\/\/a-renting.be\/wp-content\/uploads\/2024\/01\/115-Enkele-Deur-1024x1024.png\" \/>\n\t<meta property=\"og:image:width\" content=\"1024\" \/>\n\t<meta property=\"og:image:height\" content=\"1024\" \/>\n\t<meta property=\"og:image:type\" content=\"image\/png\" \/>\n<meta name=\"author\" content=\"Nico\" \/>\n<meta name=\"twitter:card\" content=\"summary_large_image\" \/>\n<meta name=\"twitter:label1\" content=\"\u00c9crit par\" \/>\n\t<meta name=\"twitter:data1\" content=\"Nico\" \/>\n\t<meta name=\"twitter:label2\" content=\"Dur\u00e9e de lecture estim\u00e9e\" \/>\n\t<meta name=\"twitter:data2\" content=\"1 minute\" \/>\n<script type=\"application\/ld+json\" class=\"yoast-schema-graph\">{\"@context\":\"https:\/\/schema.org\",\"@graph\":[{\"@type\":\"Article\",\"@id\":\"https:\/\/a-renting.be\/cel-16m%c2%b3-enkele-deur\/#article\",\"isPartOf\":{\"@id\":\"https:\/\/a-renting.be\/cel-16m%c2%b3-enkele-deur\/\"},\"author\":{\"name\":\"Nico\",\"@id\":\"https:\/\/epzasvnx.elementor.cloud\/#\/schema\/person\/105bd7f3f5de94aa68c88c9bacc8ee0e\"},\"headline\":\"Cel \u2013 16M\u00b3 \u2013 Enkele Deur\",\"datePublished\":\"2024-01-03T09:02:49+00:00\",\"dateModified\":\"2025-10-23T08:22:43+00:00\",\"mainEntityOfPage\":{\"@id\":\"https:\/\/a-renting.be\/cel-16m%c2%b3-enkele-deur\/\"},\"wordCount\":4,\"commentCount\":0,\"publisher\":{\"@id\":\"https:\/\/epzasvnx.elementor.cloud\/#organization\"},\"image\":{\"@id\":\"https:\/\/a-renting.be\/cel-16m%c2%b3-enkele-deur\/#primaryimage\"},\"thumbnailUrl\":\"https:\/\/a-renting.be\/wp-content\/uploads\/2024\/01\/115-Enkele-Deur.png\",\"articleSection\":[\"Koelcel\",\"Vriescel\"],\"inLanguage\":\"fr-FR\",\"potentialAction\":[{\"@type\":\"CommentAction\",\"name\":\"Comment\",\"target\":[\"https:\/\/a-renting.be\/cel-16m%c2%b3-enkele-deur\/#respond\"]}]},{\"@type\":\"WebPage\",\"@id\":\"https:\/\/a-renting.be\/cel-16m%c2%b3-enkele-deur\/\",\"url\":\"https:\/\/a-renting.be\/cel-16m%c2%b3-enkele-deur\/\",\"name\":\"Koelcel 16m\u00b3 met enkele deur huren - A-renting\",\"isPartOf\":{\"@id\":\"https:\/\/epzasvnx.elementor.cloud\/#website\"},\"primaryImageOfPage\":{\"@id\":\"https:\/\/a-renting.be\/cel-16m%c2%b3-enkele-deur\/#primaryimage\"},\"image\":{\"@id\":\"https:\/\/a-renting.be\/cel-16m%c2%b3-enkele-deur\/#primaryimage\"},\"thumbnailUrl\":\"https:\/\/a-renting.be\/wp-content\/uploads\/2024\/01\/115-Enkele-Deur.png\",\"datePublished\":\"2024-01-03T09:02:49+00:00\",\"dateModified\":\"2025-10-23T08:22:43+00:00\",\"description\":\"Huur een 11m\u00b3 koelcel met enkele deur voor effici\u00ebnte toegang en opslag. Perfect voor evenementen en tijdelijke koeling van bederfelijke goederen. Ontdek ons aanbod bij A-renting.\",\"breadcrumb\":{\"@id\":\"https:\/\/a-renting.be\/cel-16m%c2%b3-enkele-deur\/#breadcrumb\"},\"inLanguage\":\"fr-FR\",\"potentialAction\":[{\"@type\":\"ReadAction\",\"target\":[\"https:\/\/a-renting.be\/cel-16m%c2%b3-enkele-deur\/\"]}]},{\"@type\":\"ImageObject\",\"inLanguage\":\"fr-FR\",\"@id\":\"https:\/\/a-renting.be\/cel-16m%c2%b3-enkele-deur\/#primaryimage\",\"url\":\"https:\/\/a-renting.be\/wp-content\/uploads\/2024\/01\/115-Enkele-Deur.png\",\"contentUrl\":\"https:\/\/a-renting.be\/wp-content\/uploads\/2024\/01\/115-Enkele-Deur.png\",\"width\":2000,\"height\":2000},{\"@type\":\"BreadcrumbList\",\"@id\":\"https:\/\/a-renting.be\/cel-16m%c2%b3-enkele-deur\/#breadcrumb\",\"itemListElement\":[{\"@type\":\"ListItem\",\"position\":1,\"name\":\"Home\",\"item\":\"https:\/\/a-renting.be\/\"},{\"@type\":\"ListItem\",\"position\":2,\"name\":\"Cel \u2013 16M\u00b3 \u2013 Enkele Deur\"}]},{\"@type\":\"WebSite\",\"@id\":\"https:\/\/epzasvnx.elementor.cloud\/#website\",\"url\":\"https:\/\/epzasvnx.elementor.cloud\/\",\"name\":\"A-renting\",\"description\":\"Verhuur van koelcontainers en vriescontainers\",\"publisher\":{\"@id\":\"https:\/\/epzasvnx.elementor.cloud\/#organization\"},\"potentialAction\":[{\"@type\":\"SearchAction\",\"target\":{\"@type\":\"EntryPoint\",\"urlTemplate\":\"https:\/\/epzasvnx.elementor.cloud\/?s={search_term_string}\"},\"query-input\":{\"@type\":\"PropertyValueSpecification\",\"valueRequired\":true,\"valueName\":\"search_term_string\"}}],\"inLanguage\":\"fr-FR\"},{\"@type\":\"Organization\",\"@id\":\"https:\/\/epzasvnx.elementor.cloud\/#organization\",\"name\":\"A-renting\",\"url\":\"https:\/\/epzasvnx.elementor.cloud\/\",\"logo\":{\"@type\":\"ImageObject\",\"inLanguage\":\"fr-FR\",\"@id\":\"https:\/\/epzasvnx.elementor.cloud\/#\/schema\/logo\/image\/\",\"url\":\"https:\/\/a-renting.be\/wp-content\/uploads\/2024\/01\/Arenting-Website.svg\",\"contentUrl\":\"https:\/\/a-renting.be\/wp-content\/uploads\/2024\/01\/Arenting-Website.svg\",\"width\":727,\"height\":149,\"caption\":\"A-renting\"},\"image\":{\"@id\":\"https:\/\/epzasvnx.elementor.cloud\/#\/schema\/logo\/image\/\"}},{\"@type\":\"Person\",\"@id\":\"https:\/\/epzasvnx.elementor.cloud\/#\/schema\/person\/105bd7f3f5de94aa68c88c9bacc8ee0e\",\"name\":\"Nico\",\"image\":{\"@type\":\"ImageObject\",\"inLanguage\":\"fr-FR\",\"@id\":\"https:\/\/epzasvnx.elementor.cloud\/#\/schema\/person\/image\/\",\"url\":\"https:\/\/secure.gravatar.com\/avatar\/581c092f1026bf6a0eac852eb4e61a8e?s=96&d=mm&r=g\",\"contentUrl\":\"https:\/\/secure.gravatar.com\/avatar\/581c092f1026bf6a0eac852eb4e61a8e?s=96&d=mm&r=g\",\"caption\":\"Nico\"},\"sameAs\":[\"https:\/\/a-renting.be\"],\"url\":\"https:\/\/a-renting.be\/fr\/author\/ftepzasvnx\/\"}]}<\/script>\n<!-- \/ Yoast SEO plugin. -->","yoast_head_json":{"title":"Koelcel 16m\u00b3 met enkele deur huren - A-renting","description":"Huur een 11m\u00b3 koelcel met enkele deur voor effici\u00ebnte toegang en opslag. Perfect voor evenementen en tijdelijke koeling van bederfelijke goederen. Ontdek ons aanbod bij A-renting.","robots":{"index":"index","follow":"follow","max-snippet":"max-snippet:-1","max-image-preview":"max-image-preview:large","max-video-preview":"max-video-preview:-1"},"canonical":"https:\/\/a-renting.be\/fr\/cel-16m\u00b3-enkele-deur\/","og_locale":"fr_FR","og_type":"article","og_title":"Koelcel 16m\u00b3 met enkele deur huren - A-renting","og_description":"Huur een 11m\u00b3 koelcel met enkele deur voor effici\u00ebnte toegang en opslag. Perfect voor evenementen en tijdelijke koeling van bederfelijke goederen. Ontdek ons aanbod bij A-renting.","og_url":"https:\/\/a-renting.be\/fr\/cel-16m\u00b3-enkele-deur\/","og_site_name":"A-renting","article_published_time":"2024-01-03T09:02:49+00:00","article_modified_time":"2025-10-23T08:22:43+00:00","og_image":[{"width":1024,"height":1024,"url":"https:\/\/a-renting.be\/wp-content\/uploads\/2024\/01\/115-Enkele-Deur-1024x1024.png","type":"image\/png"}],"author":"Nico","twitter_card":"summary_large_image","twitter_misc":{"\u00c9crit par":"Nico","Dur\u00e9e de lecture estim\u00e9e":"1 minute"},"schema":{"@context":"https:\/\/schema.org","@graph":[{"@type":"Article","@id":"https:\/\/a-renting.be\/cel-16m%c2%b3-enkele-deur\/#article","isPartOf":{"@id":"https:\/\/a-renting.be\/cel-16m%c2%b3-enkele-deur\/"},"author":{"name":"Nico","@id":"https:\/\/epzasvnx.elementor.cloud\/#\/schema\/person\/105bd7f3f5de94aa68c88c9bacc8ee0e"},"headline":"Cel \u2013 16M\u00b3 \u2013 Enkele Deur","datePublished":"2024-01-03T09:02:49+00:00","dateModified":"2025-10-23T08:22:43+00:00","mainEntityOfPage":{"@id":"https:\/\/a-renting.be\/cel-16m%c2%b3-enkele-deur\/"},"wordCount":4,"commentCount":0,"publisher":{"@id":"https:\/\/epzasvnx.elementor.cloud\/#organization"},"image":{"@id":"https:\/\/a-renting.be\/cel-16m%c2%b3-enkele-deur\/#primaryimage"},"thumbnailUrl":"https:\/\/a-renting.be\/wp-content\/uploads\/2024\/01\/115-Enkele-Deur.png","articleSection":["Koelcel","Vriescel"],"inLanguage":"fr-FR","potentialAction":[{"@type":"CommentAction","name":"Comment","target":["https:\/\/a-renting.be\/cel-16m%c2%b3-enkele-deur\/#respond"]}]},{"@type":"WebPage","@id":"https:\/\/a-renting.be\/cel-16m%c2%b3-enkele-deur\/","url":"https:\/\/a-renting.be\/cel-16m%c2%b3-enkele-deur\/","name":"Koelcel 16m\u00b3 met enkele deur huren - A-renting","isPartOf":{"@id":"https:\/\/epzasvnx.elementor.cloud\/#website"},"primaryImageOfPage":{"@id":"https:\/\/a-renting.be\/cel-16m%c2%b3-enkele-deur\/#primaryimage"},"image":{"@id":"https:\/\/a-renting.be\/cel-16m%c2%b3-enkele-deur\/#primaryimage"},"thumbnailUrl":"https:\/\/a-renting.be\/wp-content\/uploads\/2024\/01\/115-Enkele-Deur.png","datePublished":"2024-01-03T09:02:49+00:00","dateModified":"2025-10-23T08:22:43+00:00","description":"Huur een 11m\u00b3 koelcel met enkele deur voor effici\u00ebnte toegang en opslag. Perfect voor evenementen en tijdelijke koeling van bederfelijke goederen. Ontdek ons aanbod bij A-renting.","breadcrumb":{"@id":"https:\/\/a-renting.be\/cel-16m%c2%b3-enkele-deur\/#breadcrumb"},"inLanguage":"fr-FR","potentialAction":[{"@type":"ReadAction","target":["https:\/\/a-renting.be\/cel-16m%c2%b3-enkele-deur\/"]}]},{"@type":"ImageObject","inLanguage":"fr-FR","@id":"https:\/\/a-renting.be\/cel-16m%c2%b3-enkele-deur\/#primaryimage","url":"https:\/\/a-renting.be\/wp-content\/uploads\/2024\/01\/115-Enkele-Deur.png","contentUrl":"https:\/\/a-renting.be\/wp-content\/uploads\/2024\/01\/115-Enkele-Deur.png","width":2000,"height":2000},{"@type":"BreadcrumbList","@id":"https:\/\/a-renting.be\/cel-16m%c2%b3-enkele-deur\/#breadcrumb","itemListElement":[{"@type":"ListItem","position":1,"name":"Home","item":"https:\/\/a-renting.be\/"},{"@type":"ListItem","position":2,"name":"Cel \u2013 16M\u00b3 \u2013 Enkele Deur"}]},{"@type":"WebSite","@id":"https:\/\/epzasvnx.elementor.cloud\/#website","url":"https:\/\/epzasvnx.elementor.cloud\/","name":"A-renting","description":"Verhuur van koelcontainers en vriescontainers","publisher":{"@id":"https:\/\/epzasvnx.elementor.cloud\/#organization"},"potentialAction":[{"@type":"SearchAction","target":{"@type":"EntryPoint","urlTemplate":"https:\/\/epzasvnx.elementor.cloud\/?s={search_term_string}"},"query-input":{"@type":"PropertyValueSpecification","valueRequired":true,"valueName":"search_term_string"}}],"inLanguage":"fr-FR"},{"@type":"Organization","@id":"https:\/\/epzasvnx.elementor.cloud\/#organization","name":"A-renting","url":"https:\/\/epzasvnx.elementor.cloud\/","logo":{"@type":"ImageObject","inLanguage":"fr-FR","@id":"https:\/\/epzasvnx.elementor.cloud\/#\/schema\/logo\/image\/","url":"https:\/\/a-renting.be\/wp-content\/uploads\/2024\/01\/Arenting-Website.svg","contentUrl":"https:\/\/a-renting.be\/wp-content\/uploads\/2024\/01\/Arenting-Website.svg","width":727,"height":149,"caption":"A-renting"},"image":{"@id":"https:\/\/epzasvnx.elementor.cloud\/#\/schema\/logo\/image\/"}},{"@type":"Person","@id":"https:\/\/epzasvnx.elementor.cloud\/#\/schema\/person\/105bd7f3f5de94aa68c88c9bacc8ee0e","name":"Nico","image":{"@type":"ImageObject","inLanguage":"fr-FR","@id":"https:\/\/epzasvnx.elementor.cloud\/#\/schema\/person\/image\/","url":"https:\/\/secure.gravatar.com\/avatar\/581c092f1026bf6a0eac852eb4e61a8e?s=96&d=mm&r=g","contentUrl":"https:\/\/secure.gravatar.com\/avatar\/581c092f1026bf6a0eac852eb4e61a8e?s=96&d=mm&r=g","caption":"Nico"},"sameAs":["https:\/\/a-renting.be"],"url":"https:\/\/a-renting.be\/fr\/author\/ftepzasvnx\/"}]}},"_links":{"self":[{"href":"https:\/\/a-renting.be\/fr\/wp-json\/wp\/v2\/posts\/538"}],"collection":[{"href":"https:\/\/a-renting.be\/fr\/wp-json\/wp\/v2\/posts"}],"about":[{"href":"https:\/\/a-renting.be\/fr\/wp-json\/wp\/v2\/types\/post"}],"author":[{"embeddable":true,"href":"https:\/\/a-renting.be\/fr\/wp-json\/wp\/v2\/users\/1"}],"replies":[{"embeddable":true,"href":"https:\/\/a-renting.be\/fr\/wp-json\/wp\/v2\/comments?post=538"}],"version-history":[{"count":12,"href":"https:\/\/a-renting.be\/fr\/wp-json\/wp\/v2\/posts\/538\/revisions"}],"predecessor-version":[{"id":1896,"href":"https:\/\/a-renting.be\/fr\/wp-json\/wp\/v2\/posts\/538\/revisions\/1896"}],"wp:featuredmedia":[{"embeddable":true,"href":"https:\/\/a-renting.be\/fr\/wp-json\/wp\/v2\/media\/916"}],"wp:attachment":[{"href":"https:\/\/a-renting.be\/fr\/wp-json\/wp\/v2\/media?parent=538"}],"wp:term":[{"taxonomy":"category","embeddable":true,"href":"https:\/\/a-renting.be\/fr\/wp-json\/wp\/v2\/categories?post=538"},{"taxonomy":"post_tag","embeddable":true,"href":"https:\/\/a-renting.be\/fr\/wp-json\/wp\/v2\/tags?post=538"}],"curies":[{"name":"wp","href":"https:\/\/api.w.org\/{rel}","templated":true}]}}